{"id":1390,"date":"2022-02-04T17:39:41","date_gmt":"2022-02-04T16:39:41","guid":{"rendered":"https:\/\/cyrildosnon.com\/?p=1390"},"modified":"2022-02-04T17:41:47","modified_gmt":"2022-02-04T16:41:47","slug":"evian","status":"publish","type":"post","link":"https:\/\/www.cyrildosnon.com\/fr\/lettrage\/evian\/","title":{"rendered":"Evian"},"content":{"rendered":"<p><span style=\"font-weight: 400;\">Identit\u00e9 visuelle de la nouvelle campagne Evian sur le th\u00e8me du surf. Enti\u00e8rement r\u00e9alis\u00e9s \u00e0 l\u2019encre, ces visuels ont habill\u00e9 le magasin Colette, plusieurs \u00e9v\u00e9nements sportifs ainsi que le concert de Lilly Wood &amp; The Prick.<\/span><\/p>\n","protected":false},"excerpt":{"rendered":"<p>Identit\u00e9 visuelle de la nouvelle campagne Evian sur le th\u00e8me du surf. Enti\u00e8rement r\u00e9alis\u00e9s \u00e0 l\u2019encre, ces visuels ont habill\u00e9 le magasin Colette, plusieurs \u00e9v\u00e9nements sportifs ainsi que le concert de Lilly Wood &amp; The Prick.<\/p>\n","protected":false},"author":1,"featured_media":1356,"comment_status":"closed","ping_status":"closed","sticky":false,"template":"","format":"standard","meta":[],"categories":[22,21,12],"tags":[],"acf":[],"yoast_head":"<!-- This site is optimized with the Yoast SEO plugin v20.5 - https:\/\/yoast.com\/wordpress\/plugins\/seo\/ -->\n<title>Evian - Cyril Dosnon<\/title>\n<meta name=\"robots\" content=\"index, follow, max-snippet:-1, max-image-preview:large, max-video-preview:-1\" \/>\n<link rel=\"canonical\" href=\"https:\/\/www.cyrildosnon.com\/fr\/lettrage\/evian\/\" \/>\n<meta property=\"og:locale\" content=\"fr_FR\" \/>\n<meta property=\"og:type\" content=\"article\" \/>\n<meta property=\"og:title\" content=\"Evian - Cyril Dosnon\" \/>\n<meta property=\"og:description\" content=\"Identit\u00e9 visuelle de la nouvelle campagne Evian sur le th\u00e8me du surf. Enti\u00e8rement r\u00e9alis\u00e9s \u00e0 l\u2019encre, ces visuels ont habill\u00e9 le magasin Colette, plusieurs \u00e9v\u00e9nements sportifs ainsi que le concert de Lilly Wood &amp; The Prick.\" \/>\n<meta property=\"og:url\" content=\"https:\/\/www.cyrildosnon.com\/fr\/lettrage\/evian\/\" \/>\n<meta property=\"article:published_time\" content=\"2022-02-04T16:39:41+00:00\" \/>\n<meta property=\"article:modified_time\" content=\"2022-02-04T16:41:47+00:00\" \/>\n<meta property=\"og:image\" content=\"https:\/\/cyrildosnon.com\/wp-content\/uploads\/2020\/06\/Cyril-Dosnon-Eviansurf-Vignette.jpg\" \/>\n\t<meta property=\"og:image:width\" content=\"760\" \/>\n\t<meta property=\"og:image:height\" content=\"964\" \/>\n\t<meta property=\"og:image:type\" content=\"image\/jpeg\" \/>\n<meta name=\"author\" content=\"Cyril\" \/>\n<meta name=\"twitter:card\" content=\"summary_large_image\" \/>\n<meta name=\"twitter:label1\" content=\"Written by\" \/>\n\t<meta name=\"twitter:data1\" content=\"Cyril\" \/>\n<script type=\"application\/ld+json\" class=\"yoast-schema-graph\">{\"@context\":\"https:\/\/schema.org\",\"@graph\":[{\"@type\":\"WebPage\",\"@id\":\"https:\/\/www.cyrildosnon.com\/fr\/lettrage\/evian\/\",\"url\":\"https:\/\/www.cyrildosnon.com\/fr\/lettrage\/evian\/\",\"name\":\"Evian - Cyril Dosnon\",\"isPartOf\":{\"@id\":\"https:\/\/www.cyrildosnon.com\/#website\"},\"datePublished\":\"2022-02-04T16:39:41+00:00\",\"dateModified\":\"2022-02-04T16:41:47+00:00\",\"author\":{\"@id\":\"https:\/\/www.cyrildosnon.com\/#\/schema\/person\/06f4c93f8f8a71e8df04104529922a26\"},\"breadcrumb\":{\"@id\":\"https:\/\/www.cyrildosnon.com\/fr\/lettrage\/evian\/#breadcrumb\"},\"inLanguage\":\"fr-FR\",\"potentialAction\":[{\"@type\":\"ReadAction\",\"target\":[\"https:\/\/www.cyrildosnon.com\/fr\/lettrage\/evian\/\"]}]},{\"@type\":\"BreadcrumbList\",\"@id\":\"https:\/\/www.cyrildosnon.com\/fr\/lettrage\/evian\/#breadcrumb\",\"itemListElement\":[{\"@type\":\"ListItem\",\"position\":1,\"name\":\"Home\",\"item\":\"https:\/\/www.cyrildosnon.com\/fr\/\"},{\"@type\":\"ListItem\",\"position\":2,\"name\":\"Evian\"}]},{\"@type\":\"WebSite\",\"@id\":\"https:\/\/www.cyrildosnon.com\/#website\",\"url\":\"https:\/\/www.cyrildosnon.com\/\",\"name\":\"\",\"description\":\"\",\"potentialAction\":[{\"@type\":\"SearchAction\",\"target\":{\"@type\":\"EntryPoint\",\"urlTemplate\":\"https:\/\/www.cyrildosnon.com\/?s={search_term_string}\"},\"query-input\":\"required name=search_term_string\"}],\"inLanguage\":\"fr-FR\"},{\"@type\":\"Person\",\"@id\":\"https:\/\/www.cyrildosnon.com\/#\/schema\/person\/06f4c93f8f8a71e8df04104529922a26\",\"name\":\"Cyril\",\"sameAs\":[\"http:\/\/guillaume.meta.fr\"],\"url\":\"https:\/\/www.cyrildosnon.com\/fr\/author\/guillaume\/\"}]}<\/script>\n<!-- \/ Yoast SEO plugin. -->","yoast_head_json":{"title":"Evian - Cyril Dosnon","robots":{"index":"index","follow":"follow","max-snippet":"max-snippet:-1","max-image-preview":"max-image-preview:large","max-video-preview":"max-video-preview:-1"},"canonical":"https:\/\/www.cyrildosnon.com\/fr\/lettrage\/evian\/","og_locale":"fr_FR","og_type":"article","og_title":"Evian - Cyril Dosnon","og_description":"Identit\u00e9 visuelle de la nouvelle campagne Evian sur le th\u00e8me du surf. Enti\u00e8rement r\u00e9alis\u00e9s \u00e0 l\u2019encre, ces visuels ont habill\u00e9 le magasin Colette, plusieurs \u00e9v\u00e9nements sportifs ainsi que le concert de Lilly Wood &amp; The Prick.","og_url":"https:\/\/www.cyrildosnon.com\/fr\/lettrage\/evian\/","article_published_time":"2022-02-04T16:39:41+00:00","article_modified_time":"2022-02-04T16:41:47+00:00","og_image":[{"width":760,"height":964,"url":"https:\/\/cyrildosnon.com\/wp-content\/uploads\/2020\/06\/Cyril-Dosnon-Eviansurf-Vignette.jpg","type":"image\/jpeg"}],"author":"Cyril","twitter_card":"summary_large_image","twitter_misc":{"Written by":"Cyril"},"schema":{"@context":"https:\/\/schema.org","@graph":[{"@type":"WebPage","@id":"https:\/\/www.cyrildosnon.com\/fr\/lettrage\/evian\/","url":"https:\/\/www.cyrildosnon.com\/fr\/lettrage\/evian\/","name":"Evian - Cyril Dosnon","isPartOf":{"@id":"https:\/\/www.cyrildosnon.com\/#website"},"datePublished":"2022-02-04T16:39:41+00:00","dateModified":"2022-02-04T16:41:47+00:00","author":{"@id":"https:\/\/www.cyrildosnon.com\/#\/schema\/person\/06f4c93f8f8a71e8df04104529922a26"},"breadcrumb":{"@id":"https:\/\/www.cyrildosnon.com\/fr\/lettrage\/evian\/#breadcrumb"},"inLanguage":"fr-FR","potentialAction":[{"@type":"ReadAction","target":["https:\/\/www.cyrildosnon.com\/fr\/lettrage\/evian\/"]}]},{"@type":"BreadcrumbList","@id":"https:\/\/www.cyrildosnon.com\/fr\/lettrage\/evian\/#breadcrumb","itemListElement":[{"@type":"ListItem","position":1,"name":"Home","item":"https:\/\/www.cyrildosnon.com\/fr\/"},{"@type":"ListItem","position":2,"name":"Evian"}]},{"@type":"WebSite","@id":"https:\/\/www.cyrildosnon.com\/#website","url":"https:\/\/www.cyrildosnon.com\/","name":"","description":"","potentialAction":[{"@type":"SearchAction","target":{"@type":"EntryPoint","urlTemplate":"https:\/\/www.cyrildosnon.com\/?s={search_term_string}"},"query-input":"required name=search_term_string"}],"inLanguage":"fr-FR"},{"@type":"Person","@id":"https:\/\/www.cyrildosnon.com\/#\/schema\/person\/06f4c93f8f8a71e8df04104529922a26","name":"Cyril","sameAs":["http:\/\/guillaume.meta.fr"],"url":"https:\/\/www.cyrildosnon.com\/fr\/author\/guillaume\/"}]}},"_links":{"self":[{"href":"https:\/\/www.cyrildosnon.com\/fr\/wp-json\/wp\/v2\/posts\/1390"}],"collection":[{"href":"https:\/\/www.cyrildosnon.com\/fr\/wp-json\/wp\/v2\/posts"}],"about":[{"href":"https:\/\/www.cyrildosnon.com\/fr\/wp-json\/wp\/v2\/types\/post"}],"author":[{"embeddable":true,"href":"https:\/\/www.cyrildosnon.com\/fr\/wp-json\/wp\/v2\/users\/1"}],"replies":[{"embeddable":true,"href":"https:\/\/www.cyrildosnon.com\/fr\/wp-json\/wp\/v2\/comments?post=1390"}],"version-history":[{"count":2,"href":"https:\/\/www.cyrildosnon.com\/fr\/wp-json\/wp\/v2\/posts\/1390\/revisions"}],"predecessor-version":[{"id":1392,"href":"https:\/\/www.cyrildosnon.com\/fr\/wp-json\/wp\/v2\/posts\/1390\/revisions\/1392"}],"wp:featuredmedia":[{"embeddable":true,"href":"https:\/\/www.cyrildosnon.com\/fr\/wp-json\/wp\/v2\/media\/1356"}],"wp:attachment":[{"href":"https:\/\/www.cyrildosnon.com\/fr\/wp-json\/wp\/v2\/media?parent=1390"}],"wp:term":[{"taxonomy":"category","embeddable":true,"href":"https:\/\/www.cyrildosnon.com\/fr\/wp-json\/wp\/v2\/categories?post=1390"},{"taxonomy":"post_tag","embeddable":true,"href":"https:\/\/www.cyrildosnon.com\/fr\/wp-json\/wp\/v2\/tags?post=1390"}],"curies":[{"name":"wp","href":"https:\/\/api.w.org\/{rel}","templated":true}]}}