{"id":1405,"date":"2022-02-04T18:12:11","date_gmt":"2022-02-04T17:12:11","guid":{"rendered":"https:\/\/cyrildosnon.com\/?p=1405"},"modified":"2022-02-04T18:16:14","modified_gmt":"2022-02-04T17:16:14","slug":"la-nuit-des-musees","status":"publish","type":"post","link":"https:\/\/www.cyrildosnon.com\/fr\/illustration-fr\/la-nuit-des-musees\/","title":{"rendered":"La Nuit des Mus\u00e9es"},"content":{"rendered":"<p><span style=\"font-weight: 400;\">La Nuit des Mus\u00e9es 2019 ouvre chaque ann\u00e9e les portes de nombreux mus\u00e9es \u00e0 la tomb\u00e9e de la nuit. Afin de ne n\u00e9gliger aucun art et aucune \u00e9poque, le visuel utilise ici l\u2019\u0153il du spectateur comme un symbole de d\u00e9couverte et d\u2019\u00e9merveillement.<\/span><\/p>\n","protected":false},"excerpt":{"rendered":"<p>La Nuit des Mus\u00e9es 2019 ouvre chaque ann\u00e9e les portes de nombreux mus\u00e9es \u00e0 la tomb\u00e9e de la nuit. Afin de ne n\u00e9gliger aucun art et aucune \u00e9poque, le visuel utilise ici l\u2019\u0153il du spectateur comme un symbole de d\u00e9couverte et d\u2019\u00e9merveillement.<\/p>\n","protected":false},"author":1,"featured_media":1403,"comment_status":"closed","ping_status":"closed","sticky":false,"template":"","format":"standard","meta":[],"categories":[22,21],"tags":[],"acf":[],"yoast_head":"<!-- This site is optimized with the Yoast SEO plugin v20.5 - https:\/\/yoast.com\/wordpress\/plugins\/seo\/ -->\n<title>La Nuit des Mus\u00e9es - Cyril Dosnon<\/title>\n<meta name=\"description\" content=\"Identit\u00e9 de la Nuit des Mus\u00e9es 2019 r\u00e9alis\u00e9e par Cyril Dosnon pour le Minist\u00e8re de la Culture.\" \/>\n<meta name=\"robots\" content=\"index, follow, max-snippet:-1, max-image-preview:large, max-video-preview:-1\" \/>\n<link rel=\"canonical\" href=\"https:\/\/www.cyrildosnon.com\/fr\/illustration-fr\/la-nuit-des-musees\/\" \/>\n<meta property=\"og:locale\" content=\"fr_FR\" \/>\n<meta property=\"og:type\" content=\"article\" \/>\n<meta property=\"og:title\" content=\"La Nuit des Mus\u00e9es - Cyril Dosnon\" \/>\n<meta property=\"og:description\" content=\"Identit\u00e9 de la Nuit des Mus\u00e9es 2019 r\u00e9alis\u00e9e par Cyril Dosnon pour le Minist\u00e8re de la Culture.\" \/>\n<meta property=\"og:url\" content=\"https:\/\/www.cyrildosnon.com\/fr\/illustration-fr\/la-nuit-des-musees\/\" \/>\n<meta property=\"article:published_time\" content=\"2022-02-04T17:12:11+00:00\" \/>\n<meta property=\"article:modified_time\" content=\"2022-02-04T17:16:14+00:00\" \/>\n<meta property=\"og:image\" content=\"https:\/\/cyrildosnon.com\/wp-content\/uploads\/2020\/06\/Cyril-Dosnon-NDM2019-Vignette-2.jpg\" \/>\n\t<meta property=\"og:image:width\" content=\"760\" \/>\n\t<meta property=\"og:image:height\" content=\"964\" \/>\n\t<meta property=\"og:image:type\" content=\"image\/jpeg\" \/>\n<meta name=\"author\" content=\"Cyril\" \/>\n<meta name=\"twitter:card\" content=\"summary_large_image\" \/>\n<meta name=\"twitter:label1\" content=\"Written by\" \/>\n\t<meta name=\"twitter:data1\" content=\"Cyril\" \/>\n<script type=\"application\/ld+json\" class=\"yoast-schema-graph\">{\"@context\":\"https:\/\/schema.org\",\"@graph\":[{\"@type\":\"WebPage\",\"@id\":\"https:\/\/www.cyrildosnon.com\/fr\/illustration-fr\/la-nuit-des-musees\/\",\"url\":\"https:\/\/www.cyrildosnon.com\/fr\/illustration-fr\/la-nuit-des-musees\/\",\"name\":\"La Nuit des Mus\u00e9es - Cyril Dosnon\",\"isPartOf\":{\"@id\":\"https:\/\/www.cyrildosnon.com\/#website\"},\"datePublished\":\"2022-02-04T17:12:11+00:00\",\"dateModified\":\"2022-02-04T17:16:14+00:00\",\"author\":{\"@id\":\"https:\/\/www.cyrildosnon.com\/#\/schema\/person\/06f4c93f8f8a71e8df04104529922a26\"},\"description\":\"Identit\u00e9 de la Nuit des Mus\u00e9es 2019 r\u00e9alis\u00e9e par Cyril Dosnon pour le Minist\u00e8re de la Culture.\",\"breadcrumb\":{\"@id\":\"https:\/\/www.cyrildosnon.com\/fr\/illustration-fr\/la-nuit-des-musees\/#breadcrumb\"},\"inLanguage\":\"fr-FR\",\"potentialAction\":[{\"@type\":\"ReadAction\",\"target\":[\"https:\/\/www.cyrildosnon.com\/fr\/illustration-fr\/la-nuit-des-musees\/\"]}]},{\"@type\":\"BreadcrumbList\",\"@id\":\"https:\/\/www.cyrildosnon.com\/fr\/illustration-fr\/la-nuit-des-musees\/#breadcrumb\",\"itemListElement\":[{\"@type\":\"ListItem\",\"position\":1,\"name\":\"Home\",\"item\":\"https:\/\/www.cyrildosnon.com\/fr\/\"},{\"@type\":\"ListItem\",\"position\":2,\"name\":\"La Nuit des Mus\u00e9es\"}]},{\"@type\":\"WebSite\",\"@id\":\"https:\/\/www.cyrildosnon.com\/#website\",\"url\":\"https:\/\/www.cyrildosnon.com\/\",\"name\":\"\",\"description\":\"\",\"potentialAction\":[{\"@type\":\"SearchAction\",\"target\":{\"@type\":\"EntryPoint\",\"urlTemplate\":\"https:\/\/www.cyrildosnon.com\/?s={search_term_string}\"},\"query-input\":\"required name=search_term_string\"}],\"inLanguage\":\"fr-FR\"},{\"@type\":\"Person\",\"@id\":\"https:\/\/www.cyrildosnon.com\/#\/schema\/person\/06f4c93f8f8a71e8df04104529922a26\",\"name\":\"Cyril\",\"sameAs\":[\"http:\/\/guillaume.meta.fr\"],\"url\":\"https:\/\/www.cyrildosnon.com\/fr\/author\/guillaume\/\"}]}<\/script>\n<!-- \/ Yoast SEO plugin. -->","yoast_head_json":{"title":"La Nuit des Mus\u00e9es - Cyril Dosnon","description":"Identit\u00e9 de la Nuit des Mus\u00e9es 2019 r\u00e9alis\u00e9e par Cyril Dosnon pour le Minist\u00e8re de la Culture.","robots":{"index":"index","follow":"follow","max-snippet":"max-snippet:-1","max-image-preview":"max-image-preview:large","max-video-preview":"max-video-preview:-1"},"canonical":"https:\/\/www.cyrildosnon.com\/fr\/illustration-fr\/la-nuit-des-musees\/","og_locale":"fr_FR","og_type":"article","og_title":"La Nuit des Mus\u00e9es - Cyril Dosnon","og_description":"Identit\u00e9 de la Nuit des Mus\u00e9es 2019 r\u00e9alis\u00e9e par Cyril Dosnon pour le Minist\u00e8re de la Culture.","og_url":"https:\/\/www.cyrildosnon.com\/fr\/illustration-fr\/la-nuit-des-musees\/","article_published_time":"2022-02-04T17:12:11+00:00","article_modified_time":"2022-02-04T17:16:14+00:00","og_image":[{"width":760,"height":964,"url":"https:\/\/cyrildosnon.com\/wp-content\/uploads\/2020\/06\/Cyril-Dosnon-NDM2019-Vignette-2.jpg","type":"image\/jpeg"}],"author":"Cyril","twitter_card":"summary_large_image","twitter_misc":{"Written by":"Cyril"},"schema":{"@context":"https:\/\/schema.org","@graph":[{"@type":"WebPage","@id":"https:\/\/www.cyrildosnon.com\/fr\/illustration-fr\/la-nuit-des-musees\/","url":"https:\/\/www.cyrildosnon.com\/fr\/illustration-fr\/la-nuit-des-musees\/","name":"La Nuit des Mus\u00e9es - Cyril Dosnon","isPartOf":{"@id":"https:\/\/www.cyrildosnon.com\/#website"},"datePublished":"2022-02-04T17:12:11+00:00","dateModified":"2022-02-04T17:16:14+00:00","author":{"@id":"https:\/\/www.cyrildosnon.com\/#\/schema\/person\/06f4c93f8f8a71e8df04104529922a26"},"description":"Identit\u00e9 de la Nuit des Mus\u00e9es 2019 r\u00e9alis\u00e9e par Cyril Dosnon pour le Minist\u00e8re de la Culture.","breadcrumb":{"@id":"https:\/\/www.cyrildosnon.com\/fr\/illustration-fr\/la-nuit-des-musees\/#breadcrumb"},"inLanguage":"fr-FR","potentialAction":[{"@type":"ReadAction","target":["https:\/\/www.cyrildosnon.com\/fr\/illustration-fr\/la-nuit-des-musees\/"]}]},{"@type":"BreadcrumbList","@id":"https:\/\/www.cyrildosnon.com\/fr\/illustration-fr\/la-nuit-des-musees\/#breadcrumb","itemListElement":[{"@type":"ListItem","position":1,"name":"Home","item":"https:\/\/www.cyrildosnon.com\/fr\/"},{"@type":"ListItem","position":2,"name":"La Nuit des Mus\u00e9es"}]},{"@type":"WebSite","@id":"https:\/\/www.cyrildosnon.com\/#website","url":"https:\/\/www.cyrildosnon.com\/","name":"","description":"","potentialAction":[{"@type":"SearchAction","target":{"@type":"EntryPoint","urlTemplate":"https:\/\/www.cyrildosnon.com\/?s={search_term_string}"},"query-input":"required name=search_term_string"}],"inLanguage":"fr-FR"},{"@type":"Person","@id":"https:\/\/www.cyrildosnon.com\/#\/schema\/person\/06f4c93f8f8a71e8df04104529922a26","name":"Cyril","sameAs":["http:\/\/guillaume.meta.fr"],"url":"https:\/\/www.cyrildosnon.com\/fr\/author\/guillaume\/"}]}},"_links":{"self":[{"href":"https:\/\/www.cyrildosnon.com\/fr\/wp-json\/wp\/v2\/posts\/1405"}],"collection":[{"href":"https:\/\/www.cyrildosnon.com\/fr\/wp-json\/wp\/v2\/posts"}],"about":[{"href":"https:\/\/www.cyrildosnon.com\/fr\/wp-json\/wp\/v2\/types\/post"}],"author":[{"embeddable":true,"href":"https:\/\/www.cyrildosnon.com\/fr\/wp-json\/wp\/v2\/users\/1"}],"replies":[{"embeddable":true,"href":"https:\/\/www.cyrildosnon.com\/fr\/wp-json\/wp\/v2\/comments?post=1405"}],"version-history":[{"count":2,"href":"https:\/\/www.cyrildosnon.com\/fr\/wp-json\/wp\/v2\/posts\/1405\/revisions"}],"predecessor-version":[{"id":1407,"href":"https:\/\/www.cyrildosnon.com\/fr\/wp-json\/wp\/v2\/posts\/1405\/revisions\/1407"}],"wp:featuredmedia":[{"embeddable":true,"href":"https:\/\/www.cyrildosnon.com\/fr\/wp-json\/wp\/v2\/media\/1403"}],"wp:attachment":[{"href":"https:\/\/www.cyrildosnon.com\/fr\/wp-json\/wp\/v2\/media?parent=1405"}],"wp:term":[{"taxonomy":"category","embeddable":true,"href":"https:\/\/www.cyrildosnon.com\/fr\/wp-json\/wp\/v2\/categories?post=1405"},{"taxonomy":"post_tag","embeddable":true,"href":"https:\/\/www.cyrildosnon.com\/fr\/wp-json\/wp\/v2\/tags?post=1405"}],"curies":[{"name":"wp","href":"https:\/\/api.w.org\/{rel}","templated":true}]}}